{"id":1011,"date":"2003-07-06T21:55:36","date_gmt":"2012-07-06T19:55:36","guid":{"rendered":"http:\/\/www.mormonmission.se\/?p=1011"},"modified":"2012-07-15T22:13:16","modified_gmt":"2012-07-15T20:13:16","slug":"det-ar-omojligt-men-vi-skall-gora-det-anda","status":"publish","type":"post","link":"https:\/\/mormonmission.se\/?p=1011","title":{"rendered":"Det \u00e4r om\u00f6jligt&#8230; men vi skall g\u00f6ra det \u00e4nd\u00e5"},"content":{"rendered":"<p>Vi f\u00f6rv\u00e4ntade oss verkligen att modern och dottern som vi m\u00f6tte f\u00f6r n\u00e5gra dagar sedan skulle komma till kyrkan idag, men det gjorde de inte.<\/p>\n<p>Under vittnesb\u00f6rdsm\u00f6tet <sup class=\"modern-footnotes-footnote \" data-mfn=\"1\" data-mfn-post-scope=\"0000000000002e1e0000000000000000_1011\"><a href=\"javascript:void(0)\"  role=\"button\" aria-pressed=\"false\" aria-describedby=\"mfn-content-0000000000002e1e0000000000000000_1011-1\">1<\/a><\/sup><span id=\"mfn-content-0000000000002e1e0000000000000000_1011-1\" role=\"tooltip\" class=\"modern-footnotes-footnote__note\" tabindex=\"0\" data-mfn=\"1\">F\u00f6rsta s\u00f6ndagen i varje m\u00e5nad \u00e4r v\u00e5rt sakramentsm\u00f6te (gudstj\u00e4nst) ett s.k. faste- och vittnesb\u00f6rdsm\u00f6te. Ist\u00e4llet f\u00f6r att vissa medlemmar har kallats i f\u00f6rv\u00e4g till att h\u00e5lla tal p\u00e5 ett specifikt \u00e4mne, s\u00e5 \u00e4r den h\u00e4r s\u00f6ndagen till f\u00f6r att alla medlemmar, vem som vill, f\u00e5r komma upp och &#8221;b\u00e4ra sitt vittnesb\u00f6rd&#8221; eller enklare sagt ber\u00e4tta om sin tro, och sina k\u00e4nslor f\u00f6r Fr\u00e4lsaren.<\/span> k\u00e4nde jag fortfarande en \u00f6verv\u00e4ldigande k\u00e4nsla av tro och hopp, och hur vi genom v\u00e5r tro kan se mycket l\u00e4ngre \u00e4n \u00f6gat och f\u00f6rst\u00e5ndet r\u00e4cker till, och genom hoppet kan g\u00e5 dit vi annars inte skulle kommit.<\/p>\n<p>N\u00e4r jag gick upp pratade jag om tro, och bar mitt vittnesb\u00f6rd om Jesus Kristus. Jag citerade n\u00e5got som jag har f\u00f6r mig att aposteln \u00c4ldste Ballard sagt (minns dock inte n\u00e4r):<\/p>\n<blockquote><p>&#8221;Det \u00e4r om\u00f6jligt att ta detta evangelium ut i hela v\u00e4rlden, en v\u00e4rld som inte vill ha det dessutom &#8211; men vi skall g\u00f6ra det \u00e4nd\u00e5&#8221;<\/p><\/blockquote>\n<p>Efter kyrkan fick vi middag hemma hos Klas och Heidi Byggm\u00e4star. Min kamrat ber\u00e4ttade f\u00f6r dem om det nya s\u00e4ttet att planera dopdatum f\u00f6r unders\u00f6karna, och de reagerade precis som Byggm\u00e4stars ig\u00e5r, och precis som vilken finl\u00e4ndare som helst skulle reagera tror jag. Men, jag antar att missionen inte haft s\u00e5 v\u00e4ldigt stor framg\u00e5ng de senaste \u00e5ren, och om man forts\u00e4tter att g\u00f6ra det man alltid har gjort s\u00e5 f\u00e5r man samma resultat som man alltid har f\u00e5tt, s\u00e5&#8230; varf\u00f6r inte prova n\u00e5got nytt.<\/p>\n<p>Vi sv\u00e4ngde f\u00f6rbi Nymans ikv\u00e4ll. Vi hade h\u00f6rt att tv\u00e5 av barnen varit med om en bilolycka s\u00e5 vi ville kolla hur det var med dem, och om vi kunde g\u00f6ra n\u00e5gonting f\u00f6r dem. Det var n\u00e4st \u00e4ldsta flickan som hade k\u00f6rt, med en av lillebr\u00f6derna i bilen. Hon hade f\u00e5tt glas i hela ansiktet och var sydd p\u00e5 flertalet st\u00e4llen.<\/p>\n<p>Efter bes\u00f6ket hos dem \u00e5kte vi f\u00f6rbi en familj Roy som tidigare unders\u00f6kt kyrkan, men de var inte intresserade av att ta upp kontakten med mission\u00e4rerna igen.<\/p>\n<p>Vi sv\u00e4ngde f\u00f6rbi &#8221;modern och dottern&#8221; men de var inte hemma. Vi kollade ett antal andra personer som sagt &#8221;kom tillbaka senare&#8221; men ingen framg\u00e5ng med att hitta folk som \u00e4r hemma idag.<\/p>\n<p>P\u00e5 v\u00e4gen hem tr\u00e4ffade vi det \u00e4ldre paret som vi var hemma hos h\u00e4r om dagen, vi stod och pratade med dem p\u00e5 gatan en stund, och sedan var det dags att g\u00e5 hem.<\/p>\n","protected":false},"excerpt":{"rendered":"<p>Vi f\u00f6rv\u00e4ntade oss verkligen att modern och dottern som vi m\u00f6tte f\u00f6r n\u00e5gra dagar sedan skulle komma till kyrkan idag, men det gjorde de inte. Under vittnesb\u00f6rdsm\u00f6tet k\u00e4nde jag fortfarande en \u00f6verv\u00e4ldigande k\u00e4nsla av tro och hopp, och hur vi &hellip; <a href=\"https:\/\/mormonmission.se\/?p=1011\">Forts\u00e4tt l\u00e4sa <span class=\"meta-nav\">&rarr;<\/span><\/a><\/p>\n","protected":false},"author":1,"featured_media":0,"comment_status":"closed","ping_status":"open","sticky":false,"template":"","format":"standard","meta":{"footnotes":""},"categories":[6],"tags":[20],"class_list":["post-1011","post","type-post","status-publish","format-standard","hentry","category-jakobstad","tag-andlig-tanke"],"_links":{"self":[{"href":"https:\/\/mormonmission.se\/index.php?rest_route=\/wp\/v2\/posts\/1011","targetHints":{"allow":["GET"]}}],"collection":[{"href":"https:\/\/mormonmission.se\/index.php?rest_route=\/wp\/v2\/posts"}],"about":[{"href":"https:\/\/mormonmission.se\/index.php?rest_route=\/wp\/v2\/types\/post"}],"author":[{"embeddable":true,"href":"https:\/\/mormonmission.se\/index.php?rest_route=\/wp\/v2\/users\/1"}],"replies":[{"embeddable":true,"href":"https:\/\/mormonmission.se\/index.php?rest_route=%2Fwp%2Fv2%2Fcomments&post=1011"}],"version-history":[{"count":1,"href":"https:\/\/mormonmission.se\/index.php?rest_route=\/wp\/v2\/posts\/1011\/revisions"}],"predecessor-version":[{"id":1012,"href":"https:\/\/mormonmission.se\/index.php?rest_route=\/wp\/v2\/posts\/1011\/revisions\/1012"}],"wp:attachment":[{"href":"https:\/\/mormonmission.se\/index.php?rest_route=%2Fwp%2Fv2%2Fmedia&parent=1011"}],"wp:term":[{"taxonomy":"category","embeddable":true,"href":"https:\/\/mormonmission.se\/index.php?rest_route=%2Fwp%2Fv2%2Fcategories&post=1011"},{"taxonomy":"post_tag","embeddable":true,"href":"https:\/\/mormonmission.se\/index.php?rest_route=%2Fwp%2Fv2%2Ftags&post=1011"}],"curies":[{"name":"wp","href":"https:\/\/api.w.org\/{rel}","templated":true}]}}