{"id":1049,"date":"2003-07-21T22:03:09","date_gmt":"2012-07-21T20:03:09","guid":{"rendered":"http:\/\/www.mormonmission.se\/?p=1049"},"modified":"2012-08-05T01:15:00","modified_gmt":"2012-08-04T23:15:00","slug":"familjen-ett-tillkannagivande-for-varlden","status":"publish","type":"post","link":"https:\/\/mormonmission.se\/?p=1049","title":{"rendered":"Familjen &#8211; ett tillk\u00e4nnagivande f\u00f6r v\u00e4rlden"},"content":{"rendered":"<p>M\u00e5ndag, och det \u00e4r ju f\u00f6rflyttningsvecka s\u00e5 ingen f\u00f6rberedelsedag idag, den \u00e4r ju p\u00e5 onsdagar i f\u00f6rflyttningsveckan (f\u00f6r att de som skall flytta skall kunna packa ihop sina grejer under f\u00f6rberedelsedagen, sj\u00e4lva resan \u00e4r alltid p\u00e5 torsdag).<\/p>\n<p>Vi hade lite tj\u00e4nande p\u00e5 morgonen med Heidi och Robert, och han Fristr\u00f6m (Bure?). En intressant notering &#8211; h\u00e4r kallar de inte en skottk\u00e4rra f\u00f6r skottk\u00e4rra utan SKUTTk\u00e4rra. Kanske f\u00f6r att den skuttar lite n\u00e4r man k\u00f6r den?<\/p>\n<p>Resten av dagen var ganska seg, vi talade inte med s\u00e5 m\u00e5nga m\u00e4nniskor, och vi hade ingen undervisning. Vi tr\u00e4ffade n\u00e5gra lestadianer och gav den familjeproklamationen (<a href=\"http:\/\/www.jesukristikyrka.se\/oevrigt-material\/familjen-ett-tillkaennagivande-foer-vaerlden.html\" target=\"_blank\">Kyrkans f\u00f6rsta presidentskaps tillk\u00e4nnagivande f\u00f6r v\u00e4rlden ang\u00e5ende familjen<\/a>). D\u00e4r st\u00e5r bl a om makars roller och ansvar, vilka principer ett framg\u00e5ngrikt \u00e4ktenskap och en framg\u00e5ngsrik familj m\u00e5ste grunda sig p\u00e5 etc. De bj\u00f6d \u00e4ven in oss till deras kyrka, men det \u00e4r ju sv\u00e5rt n\u00e4r vi sj\u00e4lva g\u00e5r i kyrkan p\u00e5 s\u00f6ndagar. Vi skall f\u00f6rs\u00f6ka f\u00e5 till det n\u00e5gon g\u00e5ng fram\u00f6ver.<\/p>\n<p>Under kv\u00e4llen f\u00f6rberedde vi morgondagens gatum\u00e4te h\u00e4r i stan p\u00e5 g\u00e5gatan utanf\u00f6r Halpahalli, det ska bli kul.<\/p>\n<p>Jag var ledsen ikv\u00e4ll&#8230; kom n\u00e5gra t\u00e5rar till och med under v\u00e5r aftonb\u00f6n. Vi har varit h\u00e4r i 12 veckor nu, och vi har inte en enda unders\u00f6kare. Ingen framg\u00e5ng. Det k\u00e4nns meningsl\u00f6st ibland&#8230; och det \u00e4r ju sv\u00e5rt att veta hur mycket som beror p\u00e5 mig, hur annorlunda skulle det ha sett ut om h\u00e4r var en b\u00e4ttre mission\u00e4r? Men s\u00e5dana tankar leder ingen vart. Jag t\u00e4nker ibland p\u00e5 mission\u00e4rer som jag har lyssnat till d\u00e5 de kommit hem, och de ber\u00e4ttar historier om hur de glatt sig \u00e5t att undervisa m\u00e4nniskor som har tagit emot evangeliet, hur de har glatt sig \u00e5t att se m\u00e4nniskor ta emot den Helige Anden, och f\u00f6r\u00e4ndra sina liv&#8230; jag vill inte komma hem utan annat att ber\u00e4tta \u00e4n &#8221;tried in fire for two years&#8221;&#8230;<\/p>\n<p>Visst har jag haft speciella upplevelser och tankar, och visst finns det m\u00e4nniskor som jag kunde s\u00e4tta mitt liv p\u00e5 att vi blivit v\u00e4gledda till, ibland bara vet man n\u00e4r man tr\u00e4ffar n\u00e5gon, ibland redan innan man tr\u00e4ffar n\u00e5gon&#8230; men inget av det har hittills lett n\u00e5gonvart, det \u00e4r tungt.<\/p>\n","protected":false},"excerpt":{"rendered":"<p>M\u00e5ndag, och det \u00e4r ju f\u00f6rflyttningsvecka s\u00e5 ingen f\u00f6rberedelsedag idag, den \u00e4r ju p\u00e5 onsdagar i f\u00f6rflyttningsveckan (f\u00f6r att de som skall flytta skall kunna packa ihop sina grejer under f\u00f6rberedelsedagen, sj\u00e4lva resan \u00e4r alltid p\u00e5 torsdag). Vi hade lite &hellip; <a href=\"https:\/\/mormonmission.se\/?p=1049\">Forts\u00e4tt l\u00e4sa <span class=\"meta-nav\">&rarr;<\/span><\/a><\/p>\n","protected":false},"author":1,"featured_media":0,"comment_status":"closed","ping_status":"open","sticky":false,"template":"","format":"standard","meta":{"footnotes":""},"categories":[6],"tags":[8],"class_list":["post-1049","post","type-post","status-publish","format-standard","hentry","category-jakobstad","tag-svara-dagar"],"_links":{"self":[{"href":"https:\/\/mormonmission.se\/index.php?rest_route=\/wp\/v2\/posts\/1049","targetHints":{"allow":["GET"]}}],"collection":[{"href":"https:\/\/mormonmission.se\/index.php?rest_route=\/wp\/v2\/posts"}],"about":[{"href":"https:\/\/mormonmission.se\/index.php?rest_route=\/wp\/v2\/types\/post"}],"author":[{"embeddable":true,"href":"https:\/\/mormonmission.se\/index.php?rest_route=\/wp\/v2\/users\/1"}],"replies":[{"embeddable":true,"href":"https:\/\/mormonmission.se\/index.php?rest_route=%2Fwp%2Fv2%2Fcomments&post=1049"}],"version-history":[{"count":3,"href":"https:\/\/mormonmission.se\/index.php?rest_route=\/wp\/v2\/posts\/1049\/revisions"}],"predecessor-version":[{"id":1051,"href":"https:\/\/mormonmission.se\/index.php?rest_route=\/wp\/v2\/posts\/1049\/revisions\/1051"}],"wp:attachment":[{"href":"https:\/\/mormonmission.se\/index.php?rest_route=%2Fwp%2Fv2%2Fmedia&parent=1049"}],"wp:term":[{"taxonomy":"category","embeddable":true,"href":"https:\/\/mormonmission.se\/index.php?rest_route=%2Fwp%2Fv2%2Fcategories&post=1049"},{"taxonomy":"post_tag","embeddable":true,"href":"https:\/\/mormonmission.se\/index.php?rest_route=%2Fwp%2Fv2%2Ftags&post=1049"}],"curies":[{"name":"wp","href":"https:\/\/api.w.org\/{rel}","templated":true}]}}