{"id":1082,"date":"2003-08-01T21:41:22","date_gmt":"2012-08-01T19:41:22","guid":{"rendered":"http:\/\/www.mormonmission.se\/?p=1082"},"modified":"2012-08-05T10:04:18","modified_gmt":"2012-08-05T08:04:18","slug":"det-som-for-varlden-ar-svagt","status":"publish","type":"post","link":"https:\/\/mormonmission.se\/?p=1082","title":{"rendered":"Det som f\u00f6r v\u00e4rlden \u00e4r svagt&#8230;"},"content":{"rendered":"<p>Vi knackade d\u00f6rr hela dagen idag, delade upp den i tv\u00e5 block med lunchpaus. N\u00e4r vi var klara p\u00e5 kv\u00e4llen hade vi en tupplur kring 18-tiden, f\u00f6tterna var s\u00e5\u00e5 tr\u00f6tta efter att ha vandrat runt en hel dag, extra jobbigt \u00e4r det ju f\u00f6r f\u00f6tterna d\u00e5 man har finskor p\u00e5 sig hela tiden, man kan ju inte precis ha kostym och gympadojor, \u00e4ven om det vore h\u00e4rligt. Det b\u00f6rjar bli glesare och glesare med folk, de flesta \u00e4r i sommarstugan s\u00e5 h\u00e4r i b\u00f6rjan av augusti.<\/p>\n<p>P\u00e5 kv\u00e4llen fick vi middag hemma hos Marlene Byggm\u00e4star. Vi hj\u00e4lpte till att flytta lite m\u00f6bler, och s\u00e5 gav vi ett andligt budskap.<\/p>\n<p>Jag l\u00e4gger ofta m\u00e4rke till hur min kamrat kommer med nya och bra grejer vid d\u00f6rrarna, grejer som jag aldrig skulle komma p\u00e5. Jag har inte riktigt den g\u00e5van n\u00e4r det g\u00e4ller att improvisera och att prata med fr\u00e4mlingar&#8230; jag str\u00e4var att finna min egen g\u00e5va. \u00c4ven om jag inte har alla f\u00e4rdigheter eller egenskaper som vore \u00f6nskv\u00e4rda i en mission\u00e4r s\u00e5 hoppas jag i alla fall bli ih\u00e5gkommen som en som arbetade h\u00e5rt och flitigt och efter sin lilla f\u00f6rm\u00e5ga gjorde sitt b\u00e4sta. Herren har aldrig p\u00e5st\u00e5tt att han har kallat v\u00e4rldens elit till sin kyrka, tv\u00e4rtom har han sagt (i <a href=\"http:\/\/www.lds.org\/scriptures\/dc-testament\/dc\/1?lang=swe\" target=\"_blank\">L&amp;F 1<\/a>:19-20) att<\/p>\n<blockquote><p>&#8230;det som f\u00f6r v\u00e4rlden \u00e4r\u00a0svagt\u00a0skall komma fram och bryta ned de starka och m\u00e4ktiga, s\u00e5 att m\u00e4nniskor inte skall kunna r\u00e5da sin n\u00e4sta, inte heller\u00a0f\u00f6rlita\u00a0sig p\u00e5 k\u00f6ttslig arm \u2014<\/p>\n<p>utan s\u00e5 att var och en skall kunna\u00a0tala\u00a0i Herren Guds, ja, i v\u00e4rldens Fr\u00e4lsares namn,<\/p><\/blockquote>\n<p>Herren visar att han \u00e4r m\u00e4ktig att utf\u00f6ra sitt eget verk genom att g\u00f6ra det genom jordens svaga och enkla. Se bara p\u00e5 Joseph Smith, hans familj hade inte ens haft r\u00e5d att ha honom i skola tillr\u00e4ckligt, \u00e4nd\u00e5 blev han redskapet att \u00f6vers\u00e4tta en forntida uppteckning skriven p\u00e5 egyptiska, och att \u00e5terst\u00e4lla Jesu Kristi kyrka till jorden.<\/p>\n<p>N\u00e4r vi lagt oss ikv\u00e4ll pratade vi en stund om evangeliet. Vi reflekterade \u00f6ver att generalauktoriteter alltid talar om omv\u00e4ndelse d\u00e5 de kommer. Det \u00e4r som om de vill att vi fokuserar p\u00e5 att VARA det b\u00e4sta vi kan, inte s\u00e5 mycket p\u00e5 att G\u00d6RA specifika saker, eller r\u00e4tt saker. Det \u00e4r nog viktigare f\u00f6r min framg\u00e5ng vem och vad jag \u00e4r, \u00e4n vad eller hur jag g\u00f6r saker.<\/p>\n<p>Vi reklekterade ocks\u00e5 \u00f6ver att \u00e4nglar endast uppenbarar sig f\u00f6r m\u00e4nniskor f\u00f6r att kalla dem till omv\u00e4ndelse (med ett f\u00e5tal undantag). Det \u00e4r i slut\u00e4ndan vad livet handlar om &#8211; att omv\u00e4nda oss &#8211; att f\u00f6ra v\u00e5ra \u00f6nskningar i harmoni med Guds \u00f6nskningar. Att ta denna &#8221;naturliga m\u00e4nniska&#8221; och bli en helig, genom Kristus, s\u00e5 att v\u00e5r kropp kan passa in i en celestial v\u00e4rld, eller som kung Benjamin s\u00e4ger till sitt folk i <a href=\"http:\/\/www.lds.org\/scriptures\/bofm\/mosiah\/3?lang=swe\" target=\"_blank\">Mosiah 3<\/a>:18-19:<\/p>\n<blockquote><p>Ty se han d\u00f6mer, och hans dom \u00e4r r\u00e4ttvis. Och det sp\u00e4dbarn som d\u00f6r i sp\u00e4d \u00e5lder f\u00f6rg\u00e5s inte, men m\u00e4nniskorna dricker f\u00f6rd\u00f6melse till sina egna sj\u00e4lar om de inte \u00f6dmjukar sig och\u00a0blir\u00a0som sm\u00e5 barn och tror att fr\u00e4lsning har kommit, och kommer och skall komma i och genom Kristi\u00a0f\u00f6rsonande\u00a0blod, han som \u00e4r Herren den Allsm\u00e4ktige.<\/p>\n<p>&nbsp;<\/p>\n<p>Ty den\u00a0naturliga\u00a0m\u00e4nniskan \u00e4r en fiende till Gud och har s\u00e5 varit fr\u00e5n\u00a0Adams\u00a0fall, och kommer att s\u00e5 vara i evigheters evighet, om hon inte<span style=\"font-size: xx-small;\"><span style=\"line-height: 10px;\">\u00a0<\/span><\/span>ger\u00a0efter f\u00f6r den Helige\u00a0Andens\u00a0maningar och <strong>l\u00e4gger av den naturliga m\u00e4nniskan och blir en\u00a0helig\u00a0genom Herren Kristi f\u00f6rsoning<\/strong> och blir som ett\u00a0barn: undergiven, mild, \u00f6dmjuk, t\u00e5lmodig, k\u00e4rleksfull, villig att underkasta sig allt som Herren anser l\u00e4mpligt att l\u00e4gga p\u00e5 henne, alldeles som ett barn underkastar sig sin far.<\/p>\n<p>njn<\/p><\/blockquote>\n<p>Vidare, om vi inte str\u00e4var fram\u00e5t och omv\u00e4nder oss, och kommer n\u00e4rmare Herren, d\u00e5 \u00e5ker vi bak\u00e5t, det \u00e4r som att st\u00e5 i en rulltrappa som g\u00e5r ned\u00e5t, om man inte r\u00f6r p\u00e5 sig s\u00e5 kanar man ner, det g\u00e5r inte att st\u00e5 stilla, det finns ingen neutral mark. En tro och ett vittnesb\u00f6rd \u00e4r en f\u00e4rskvara, man kan inte \u00e4ta f\u00f6r hela veckan genom att frossa p\u00e5 m\u00e5ndag.<\/p>\n<p>Jag hade ocks\u00e5 en tanke idag om k\u00e4rlek. Ibland blir man ju irriterad p\u00e5 folk eller tappar t\u00e5lamodet, men t\u00e4nk om jag alltid skulle veta och ha klart f\u00f6r mig vem jag \u00e4r, och vilka de \u00e4r som jag m\u00f6ter, eller jobbar ihop med (s\u00f6ner och d\u00f6ttrar till Gud, br\u00f6der och systrar fr\u00e5n hans himmelska familj) d\u00e5 skulle det nog inte vara s\u00e5 sv\u00e5rt att st\u00e4ndigt k\u00e4nna och visa k\u00e4rlek.<\/p>\n","protected":false},"excerpt":{"rendered":"<p>Vi knackade d\u00f6rr hela dagen idag, delade upp den i tv\u00e5 block med lunchpaus. N\u00e4r vi var klara p\u00e5 kv\u00e4llen hade vi en tupplur kring 18-tiden, f\u00f6tterna var s\u00e5\u00e5 tr\u00f6tta efter att ha vandrat runt en hel dag, extra jobbigt &hellip; <a href=\"https:\/\/mormonmission.se\/?p=1082\">Forts\u00e4tt l\u00e4sa <span class=\"meta-nav\">&rarr;<\/span><\/a><\/p>\n","protected":false},"author":1,"featured_media":0,"comment_status":"closed","ping_status":"open","sticky":false,"template":"","format":"standard","meta":{"footnotes":""},"categories":[6],"tags":[20,8],"class_list":["post-1082","post","type-post","status-publish","format-standard","hentry","category-jakobstad","tag-andlig-tanke","tag-svara-dagar"],"_links":{"self":[{"href":"https:\/\/mormonmission.se\/index.php?rest_route=\/wp\/v2\/posts\/1082","targetHints":{"allow":["GET"]}}],"collection":[{"href":"https:\/\/mormonmission.se\/index.php?rest_route=\/wp\/v2\/posts"}],"about":[{"href":"https:\/\/mormonmission.se\/index.php?rest_route=\/wp\/v2\/types\/post"}],"author":[{"embeddable":true,"href":"https:\/\/mormonmission.se\/index.php?rest_route=\/wp\/v2\/users\/1"}],"replies":[{"embeddable":true,"href":"https:\/\/mormonmission.se\/index.php?rest_route=%2Fwp%2Fv2%2Fcomments&post=1082"}],"version-history":[{"count":3,"href":"https:\/\/mormonmission.se\/index.php?rest_route=\/wp\/v2\/posts\/1082\/revisions"}],"predecessor-version":[{"id":1084,"href":"https:\/\/mormonmission.se\/index.php?rest_route=\/wp\/v2\/posts\/1082\/revisions\/1084"}],"wp:attachment":[{"href":"https:\/\/mormonmission.se\/index.php?rest_route=%2Fwp%2Fv2%2Fmedia&parent=1082"}],"wp:term":[{"taxonomy":"category","embeddable":true,"href":"https:\/\/mormonmission.se\/index.php?rest_route=%2Fwp%2Fv2%2Fcategories&post=1082"},{"taxonomy":"post_tag","embeddable":true,"href":"https:\/\/mormonmission.se\/index.php?rest_route=%2Fwp%2Fv2%2Ftags&post=1082"}],"curies":[{"name":"wp","href":"https:\/\/api.w.org\/{rel}","templated":true}]}}