{"id":1954,"date":"2004-06-09T22:04:24","date_gmt":"2004-06-09T20:04:24","guid":{"rendered":"http:\/\/www.mormonmission.se\/?p=1954"},"modified":"2016-09-26T08:48:04","modified_gmt":"2016-09-26T06:48:04","slug":"sorgligt-men-lyckligt","status":"publish","type":"post","link":"https:\/\/mormonmission.se\/?p=1954","title":{"rendered":"Sorgligt men lyckligt"},"content":{"rendered":"<p>Idag var en lite underlig dag, sorgsam men \u00e4nd\u00e5 lycklig. Min kamrat hade f\u00e5tt pl\u00f6tsligt besked att en sl\u00e4kting g\u00e5tt bort, och han hade f\u00e5tt till\u00e5telse av missionspresidenten att \u00e5ka hem och vara med vid begravningsgudstj\u00e4nsten. Han var med och bar kistan, och n\u00e4r det hela var \u00f6ver och vi gick d\u00e4rifr\u00e5n lade jag armen om honom och fr\u00e5gade &#8221;\u00e4r du ok?&#8221; han svarade &#8221;ja, det \u00e4r bara sv\u00e5rt att ta farv\u00e4l&#8221; och jag sade &#8221;jag f\u00f6rst\u00e5r&#8221;. Men det g\u00f6r jag egentligen inte. Ingen som st\u00e5tt mig s\u00e5 n\u00e4ra har n\u00e5gonsin g\u00e5tt bort. De enda jag kan t\u00e4nka p\u00e5 \u00e4r min gammelmormor som jag inte hade n\u00e5gon direkt relation till och min farfar som jag knappt k\u00e4nde. Jag \u00e4gnade en tanke \u00e5t hur det kommer att bli f\u00f6r mig n\u00e4r min morfar g\u00e5r bort, han har betytt mycket f\u00f6r mig under min uppv\u00e4xt. Han lekte med och passade mig mycket n\u00e4r jag var liten, och en sommar n\u00e4r jag m\u00e5dde mycket d\u00e5ligt \u00e4gnade han mig all tid.<\/p>\n<p>Efter begravningen var vi med hemma hos min kamrats familj. Jag beundrar dem. Jag var imponerad av hans \u00e4ldre bror som gav honom n\u00e5gra r\u00e5d, och som ber\u00e4ttade lite fr\u00e5n sin egen mission f\u00f6r n\u00e5got \u00e5r sedan. Ibland n\u00e4r jag tr\u00e4ffar n\u00e5gon som jag ser upp till p\u00e5 det s\u00e4ttet undrar jag varf\u00f6r inte jag kan vara lika &#8221;god&#8221;, och ibland kommer det tankar i mitt huvud &#8211; jag skall inte spekulera var de kommer ifr\u00e5n &#8211; om att jag egentligen inte \u00e4r &#8221;en av dem&#8221; eftersom jag inte \u00e4r uppv\u00e4xt i kyrkan. Jag bad en tyst b\u00f6n, och ett stillande lugn kom \u00f6ver mig, och n\u00e5gra ord fr\u00e5n\u00a0<a href=\"https:\/\/www.lds.org\/scriptures\/pgp\/abr\/3?lang=swe\" target=\"_blank\">Abrahams bok kap 3<\/a> vers 23 kom till mig, &#8221;du \u00c4R en av dem&#8230;&#8221;<\/p>\n<p>\u00c4ven om jag vet det s\u00e5 f\u00e5r man s\u00e5 m\u00e5nga tillf\u00e4llen under en mission att visa f\u00f6r sig sj\u00e4lv och f\u00f6r andra vem och vad man egentligen \u00e4r, och uppleva att man inte h\u00e5ller m\u00e5ttet. Jag \u00f6nskar s\u00e5 ofta att jag vore mer \u00e4n vad jag \u00e4r. Det kanske \u00e4r en definition av vad skrifterna ben\u00e4mner som ett &#8221;brustet hj\u00e4rta och en \u00e5ngerfull eller botf\u00e4rdig ande.&#8221;<\/p>\n<p>Under bilresan hem l\u00e4ste min kamrat det sista brevet han fick fr\u00e5n denna person, och han gr\u00e4t och skrattade om vart annat. Han sade att han tror att han funnit en nyckel till framg\u00e5ng f\u00f6r v\u00e5rt distrikt. F\u00f6rra distriktsm\u00f6tet fick vi n\u00e4mligen i uppgift att fundera \u00f6ver hur v\u00e5rt distrikt kan arbeta b\u00e4ttre tillsammans. Min kamrat k\u00e4nde att det som h\u00e5ller vissa av oss tillbaka \u00e4r att vi ibland inte g\u00f6r detta arbete helhj\u00e4rtat. Om vi allihop bara kunde gl\u00f6mma oss sj\u00e4lva och tj\u00e4na s\u00e5 som vi kom hit f\u00f6r att g\u00f6ra, och gl\u00f6mma det v\u00e4rldsliga f\u00f6r en stund.<\/p>\n<p>Vi stannade till hos en medlemsfamilj p\u00e5 kv\u00e4llen, skulle bara be en av dem att f\u00f6lja med p\u00e5 en undervisning imorgon, men de skulle just \u00e4ta och bj\u00f6d in oss ocks\u00e5. Efter middagen tog vi med oss en av s\u00f6nerna &#8211; Jari &#8211; till CityMarket d\u00e4r Anna arbetar och introducerade dem f\u00f6r varandra, och jag gav Anna adressen till Fest i Nord-webbsidan.<\/p>\n<p>&nbsp;<\/p>\n","protected":false},"excerpt":{"rendered":"<p>Idag var en lite underlig dag, sorgsam men \u00e4nd\u00e5 lycklig. Min kamrat hade f\u00e5tt pl\u00f6tsligt besked att en sl\u00e4kting g\u00e5tt bort, och han hade f\u00e5tt till\u00e5telse av missionspresidenten att \u00e5ka hem och vara med vid begravningsgudstj\u00e4nsten. Han var med och &hellip; <a href=\"https:\/\/mormonmission.se\/?p=1954\">Forts\u00e4tt l\u00e4sa <span class=\"meta-nav\">&rarr;<\/span><\/a><\/p>\n","protected":false},"author":1,"featured_media":0,"comment_status":"closed","ping_status":"open","sticky":false,"template":"","format":"standard","meta":{"footnotes":""},"categories":[7],"tags":[],"class_list":["post-1954","post","type-post","status-publish","format-standard","hentry","category-espoo"],"_links":{"self":[{"href":"https:\/\/mormonmission.se\/index.php?rest_route=\/wp\/v2\/posts\/1954","targetHints":{"allow":["GET"]}}],"collection":[{"href":"https:\/\/mormonmission.se\/index.php?rest_route=\/wp\/v2\/posts"}],"about":[{"href":"https:\/\/mormonmission.se\/index.php?rest_route=\/wp\/v2\/types\/post"}],"author":[{"embeddable":true,"href":"https:\/\/mormonmission.se\/index.php?rest_route=\/wp\/v2\/users\/1"}],"replies":[{"embeddable":true,"href":"https:\/\/mormonmission.se\/index.php?rest_route=%2Fwp%2Fv2%2Fcomments&post=1954"}],"version-history":[{"count":1,"href":"https:\/\/mormonmission.se\/index.php?rest_route=\/wp\/v2\/posts\/1954\/revisions"}],"predecessor-version":[{"id":1955,"href":"https:\/\/mormonmission.se\/index.php?rest_route=\/wp\/v2\/posts\/1954\/revisions\/1955"}],"wp:attachment":[{"href":"https:\/\/mormonmission.se\/index.php?rest_route=%2Fwp%2Fv2%2Fmedia&parent=1954"}],"wp:term":[{"taxonomy":"category","embeddable":true,"href":"https:\/\/mormonmission.se\/index.php?rest_route=%2Fwp%2Fv2%2Fcategories&post=1954"},{"taxonomy":"post_tag","embeddable":true,"href":"https:\/\/mormonmission.se\/index.php?rest_route=%2Fwp%2Fv2%2Ftags&post=1954"}],"curies":[{"name":"wp","href":"https:\/\/api.w.org\/{rel}","templated":true}]}}