{"id":308,"date":"2002-12-03T22:17:23","date_gmt":"2011-12-03T22:17:23","guid":{"rendered":"http:\/\/www.mormonmission.se\/?p=308"},"modified":"2011-09-16T05:37:46","modified_gmt":"2011-09-16T05:37:46","slug":"kurder-och-andra-invandrare","status":"publish","type":"post","link":"https:\/\/mormonmission.se\/?p=308","title":{"rendered":"Kurder och andra invandrare"},"content":{"rendered":"<p>Vi spenderade mycket tid med att knacka d\u00f6rrar i Lohtaja (v\u00e4stra Kajaani) idag. Vi tr\u00e4ffade bl a en Kurd. Han var fr\u00e5n mellan\u00f6stern, men ber\u00e4ttade att hans folk inte var v\u00e4lkommet i hemlandet. Han var en av dem som blivit tvungna att flytta. Han var muslim, s\u00e5 vi kunde inte undervisa honom<sup class=\"modern-footnotes-footnote \" data-mfn=\"1\" data-mfn-post-scope=\"0000000000002e1e0000000000000000_308\"><a href=\"javascript:void(0)\"  role=\"button\" aria-pressed=\"false\" aria-describedby=\"mfn-content-0000000000002e1e0000000000000000_308-1\">1<\/a><\/sup><span id=\"mfn-content-0000000000002e1e0000000000000000_308-1\" role=\"tooltip\" class=\"modern-footnotes-footnote__note\" tabindex=\"0\" data-mfn=\"1\">Kyrkans policy under min mission var att inte undervisa muslimer alls. Anledningen var att det i m\u00e5nga muslimska l\u00e4nder \u00e4r f\u00f6renat med livsfara att komma hem och ha konverterat fr\u00e5n Islam till n\u00e5gon annan religion. I vissa fall \u00e4r det s\u00e5 \u00e4ven om man bor kvar i ett v\u00e4sterl\u00e4ndskt land. D\u00e4rf\u00f6r tog kyrkan inriktningen att vi inte fick undervisa muslimer eller d\u00f6pa dem in i kyrkan.<\/span>, men vi satt och pratade en liten stund. Han beskrev problemen som uppst\u00e5r n\u00e4r stat och religion blandas i makthavarnas h\u00e4nder. Det \u00e4r precis vad som undervisas i <a href=\"http:\/\/scriptures.lds.org\/sv\/dc\/134\" target=\"_blank\">L&amp;F134<\/a>, att samh\u00e4llets styrande makt \u00e5 sin sida inte skall ut\u00f6va n\u00e5got inflytande \u00f6ver m\u00e4nniskors tro, och att religi\u00f6sa ledare \u00e5 sin sida inte har makt att bestraffa m\u00e4nniskor f\u00f6r \u00f6vertr\u00e4delser p\u00e5 annat s\u00e4tt \u00e4n att utesluta dem fr\u00e5n f\u00f6rsamlingen, eller begr\u00e4nsa deras f\u00f6rm\u00e5ner i f\u00f6rsamlingen. Man kan se hur f\u00f6rtryck uppst\u00e5tt b\u00e5de bak\u00e5t i historien (katolska kyrkans p\u00e5vemakt) och i v\u00e5r tid (kommunistiska, nazistiska och islamiska republiker samt diktaturer d\u00e4r folket \u201drensats ut\u201d efter \u00e5sikter och religion).<\/p>\n<p>Han pratade inte j\u00e4ttebra finska, och inte s\u00e5 bra engelska heller, s\u00e5 det var med sv\u00e5righet v\u00e5rt samtal fortskred. Det \u00e4r ofta som invandrare sl\u00e4pper in oss, synd bara att det \u00e4r s\u00e5 sv\u00e5rt att kommuniera. Det k\u00e4nns meningsl\u00f6st ibland, men de \u00e4r g\u00e4stv\u00e4nliga. Och kanske lite ensamma.<\/p>\n<p>P\u00e5 kv\u00e4llen bes\u00f6kte vi en kvinna som vi tr\u00e4ffade f\u00f6rsta g\u00e5ngen ig\u00e5r, Marta. Hon hade inte tid d\u00e5 men vi fick en tid att komma tillbaka idag och h\u00e4r var vi nu. Det var en lite annorlunda \u201ddiskussion\u201d eller \u201dlektion.\u201d Under timmen vi var hemma hos henne fick hon tv\u00e5 sammanbrott och brast ut i t\u00e5rar. Hon pratade n\u00e4stan oavbrutet hela tiden. Hon ber\u00e4ttade om den depression hon g\u00e5r igenom, hon visade alla mediciner hon tar (typ 20 piller om dagen), och hon pratade n\u00e5got om psykoser. Jag f\u00f6rstod inte allt, \u00c4ldste Smith pratade mest med henne. Jag hj\u00e4lpte till med lite st\u00e4dning under tiden, bl a dammsugning. Vi erbj\u00f6d oss, som vi ofta g\u00f6r, att hj\u00e4lpa till med n\u00e5gonting, och hon tackade ja till det h\u00e4r. Det \u00e4r ganska ovanligt, de flesta i Finland verkar vara villiga att ge hj\u00e4lp till andra men mycket ovilliga att ta emot den. \u00c4ldste Smith pratade mycket med henne om Kristi k\u00e4rlek.<\/p>\n<p>Kv\u00e4llens m\u00f6te p\u00e5minde mig om n\u00e5got som en av mina l\u00e4rare i MTC, broder Mietinen, sade. Han var amerikan, men en av hans f\u00f6r\u00e4ldrar var fr\u00e5n finland, och han hade varit i Finland p\u00e5 mission. Han hade v\u00e4l haft sin besk\u00e4rda del av den h\u00e4r typen av m\u00f6ten, och han sade: \u201dMan kan ta det p\u00e5 tv\u00e5 s\u00e4tt. Antingen \u00e4r man deras v\u00e4n och sitter d\u00e4r och lyssnar p\u00e5 dem g\u00e5ng efter g\u00e5ng. Kanske ni ser det som en del av ert tj\u00e4nande-kall att v\u00e4rma de sj\u00e4lar som fryser, bildligt talat. Eller s\u00e5 best\u00e4mmer ni er f\u00f6r att det inte \u00e4r v\u00e4rt er tid, och best\u00e4mmer er f\u00f6r att inte komma tillbaka till dem, utan s\u00f6ka dem som letar efter evangeliet.\u201d<\/p>\n<p>Jag och \u00c4ldste Smith best\u00e4mde oss f\u00f6r att det var v\u00e4rt v\u00e5r tid, men vi ins\u00e5g att vi inte kunde hj\u00e4pa henne. Hon beh\u00f6vde professionell hj\u00e4lp, och med tanke p\u00e5 alla mediciner hon hade s\u00e5 var l\u00e4karen f\u00f6rmodligen inkopplad ganska mycket. Det \u00e4r lustigt hur tv\u00e5 unga pojkar som oss kan anf\u00f6rtros s\u00e5 mycket. Jag antar att det finns tv\u00e5 s\u00e4tt att se p\u00e5 det. \u00c5 ena sidan s\u00e5 f\u00f6raktas vi n\u00e4r vi kommer i skjorta, slips och namnbricka. \u201dReligion\u201d t\u00e4nker vanligt folk. \u00c5 andra sidan ser man upp till oss, och anf\u00f6rtror sig till oss om man av n\u00e5gon anledning inte m\u00e5r bra. Det \u00e4r som att de vet att \u201dde d\u00e4r killarna \u00e4r goda, och kanske de kan hj\u00e4lpa mig, eller l\u00e4tta min b\u00f6rda f\u00f6r en stund i alla fall.\u201d Det hoppas jag att vi kan ibland.<\/p>\n<p>N\u00e4r vi h\u00e4mtade v\u00e5ra cyklar p\u00e5 kv\u00e4llen f\u00f6r att \u00e5ka hem blev vi inbjudna till familjen Kokkonen p\u00e5 middag. Vi hade parkerat cyklarna p\u00e5 deras uppfart f\u00f6r att minska st\u00f6ldrisken, \u00e4ven om jag har h\u00f6rt att den risken inte \u00e4r s\u00e5 \u00f6verh\u00e4ngande h\u00e4r uppe i norra Finland. En del m\u00e4nniskor l\u00e4mnar till och med nyckeln till ytterd\u00f6rren i utsidan av l\u00e5set, \u201dd\u00e5 vet man att man inte gl\u00f6mmer den eller l\u00e5ser sig ute\u201d har en del svarat n\u00e4r jag fr\u00e5gat varf\u00f6r de har den d\u00e4r. De f\u00f6rsta g\u00e5ngerna trodde jag att de gl\u00f6mt den i l\u00e5set, och tog ut den och gav den till dem n\u00e4r de kom och \u00f6ppnade d\u00f6rren. \u201dDen skall sitta d\u00e4r\u201d svarade de gruffande och stoppade tillbaka den, varp\u00e5 de vid b\u00e5da tillf\u00e4llena drog igen d\u00f6rren med en sur blick. Det \u00e4r bara att le och vara glad.<\/p>\n<p>Nu \u00e4r det 100 dagar sedan jag avskiljdes<sup class=\"modern-footnotes-footnote \" data-mfn=\"2\" data-mfn-post-scope=\"0000000000002e1e0000000000000000_308\"><a href=\"javascript:void(0)\"  role=\"button\" aria-pressed=\"false\" aria-describedby=\"mfn-content-0000000000002e1e0000000000000000_308-2\">2<\/a><\/sup><span id=\"mfn-content-0000000000002e1e0000000000000000_308-2\" role=\"tooltip\" class=\"modern-footnotes-footnote__note\" tabindex=\"0\" data-mfn=\"2\">Ett lustigt ordval kan tyckas, att bli avskiljd till n\u00e5got. Engelskans \u201dset apart\u201d (inte &#8221;cut off&#8221; som jag snarare t\u00e4nker p\u00e5 n\u00e4r jag h\u00f6r ordet &#8221;avskiljd&#8221;. Inneb\u00f6rden \u00e4r allts\u00e5 att man \u201dskiljs fr\u00e5n m\u00e4ngden\u201d i det att man f\u00e5tt ett s\u00e4rskilt kall eller \u00e4mbete. Det g\u00e5r till s\u00e5 att man f\u00f6rst f\u00e5r kallelsen av Biskopen eller Stavspresidenten, han s\u00e4ger helt enkelt att han och hans r\u00e5dgivare k\u00e4nner att jag \u00e4r r\u00e4tt f\u00f6r uppgiften, och fr\u00e5gar om man \u00e4r villig att ta emot den. N\u00e4r man gjort det f\u00e5r man en v\u00e4lsignelse \u2013 biskopen eller n\u00e5gon annan l\u00e4gger h\u00e4nderna p\u00e5 ens huvud, och \u201dinviger\u201d en till uppgiften, och uttalar en v\u00e4lsignese i \u00f6vrigt enligt Den Helige Andens v\u00e4gledning.<\/span>\u00a0till mission\u00e4r.<\/p>\n<div id=\"sdfootnote2\"><\/div>\n","protected":false},"excerpt":{"rendered":"<p>Vi spenderade mycket tid med att knacka d\u00f6rrar i Lohtaja (v\u00e4stra Kajaani) idag. Vi tr\u00e4ffade bl a en Kurd. Han var fr\u00e5n mellan\u00f6stern, men ber\u00e4ttade att hans folk inte var v\u00e4lkommet i hemlandet. Han var en av dem som blivit &hellip; <a href=\"https:\/\/mormonmission.se\/?p=308\">Forts\u00e4tt l\u00e4sa <span class=\"meta-nav\">&rarr;<\/span><\/a><\/p>\n","protected":false},"author":1,"featured_media":0,"comment_status":"open","ping_status":"open","sticky":false,"template":"","format":"standard","meta":{"footnotes":""},"categories":[5],"tags":[],"class_list":["post-308","post","type-post","status-publish","format-standard","hentry","category-kajaani"],"_links":{"self":[{"href":"https:\/\/mormonmission.se\/index.php?rest_route=\/wp\/v2\/posts\/308","targetHints":{"allow":["GET"]}}],"collection":[{"href":"https:\/\/mormonmission.se\/index.php?rest_route=\/wp\/v2\/posts"}],"about":[{"href":"https:\/\/mormonmission.se\/index.php?rest_route=\/wp\/v2\/types\/post"}],"author":[{"embeddable":true,"href":"https:\/\/mormonmission.se\/index.php?rest_route=\/wp\/v2\/users\/1"}],"replies":[{"embeddable":true,"href":"https:\/\/mormonmission.se\/index.php?rest_route=%2Fwp%2Fv2%2Fcomments&post=308"}],"version-history":[{"count":2,"href":"https:\/\/mormonmission.se\/index.php?rest_route=\/wp\/v2\/posts\/308\/revisions"}],"predecessor-version":[{"id":310,"href":"https:\/\/mormonmission.se\/index.php?rest_route=\/wp\/v2\/posts\/308\/revisions\/310"}],"wp:attachment":[{"href":"https:\/\/mormonmission.se\/index.php?rest_route=%2Fwp%2Fv2%2Fmedia&parent=308"}],"wp:term":[{"taxonomy":"category","embeddable":true,"href":"https:\/\/mormonmission.se\/index.php?rest_route=%2Fwp%2Fv2%2Fcategories&post=308"},{"taxonomy":"post_tag","embeddable":true,"href":"https:\/\/mormonmission.se\/index.php?rest_route=%2Fwp%2Fv2%2Ftags&post=308"}],"curies":[{"name":"wp","href":"https:\/\/api.w.org\/{rel}","templated":true}]}}