{"id":406,"date":"2003-01-04T21:32:23","date_gmt":"2012-01-04T21:32:23","guid":{"rendered":"http:\/\/www.mormonmission.se\/?p=406"},"modified":"2011-10-18T17:36:04","modified_gmt":"2011-10-18T17:36:04","slug":"och-de-var-bada-forlorade","status":"publish","type":"post","link":"https:\/\/mormonmission.se\/?p=406","title":{"rendered":"&#8230;och de var b\u00e5da f\u00f6rlorade"},"content":{"rendered":"<p>En ny dag med nya tag. Vi knackade d\u00f6rr hela f\u00f6rmiddagen och en bit in p\u00e5 eftermiddagen. Ingen framg\u00e5ng.<\/p>\n<p>Hemma p\u00e5 lunchen lyssnade vi till tv\u00e5 tal fr\u00e5n generalkonferensen i april f\u00f6rra \u00e5ret<sup class=\"modern-footnotes-footnote \" data-mfn=\"1\" data-mfn-post-scope=\"0000000000002e1e0000000000000000_406\"><a href=\"javascript:void(0)\"  role=\"button\" aria-pressed=\"false\" aria-describedby=\"mfn-content-0000000000002e1e0000000000000000_406-1\">1<\/a><\/sup><span id=\"mfn-content-0000000000002e1e0000000000000000_406-1\" role=\"tooltip\" class=\"modern-footnotes-footnote__note\" tabindex=\"0\" data-mfn=\"1\">Generalkonferensen inneh\u00e5ller tal fr\u00e5n kyrkans nutida ledare, bland annat tal av de tolv apostlarna. Tv\u00e5 g\u00e5nger om \u00e5ret samlas hela kyrkan till konferens (vilket \u00e4r kyrkans ben\u00e4mning p\u00e5 alla sammankomster, vare sig det \u00e4r s\u00e5dana h\u00e4r f\u00f6rel\u00e4snings-liknande sammankomster d\u00e4r \u00e5h\u00f6rarna bara passivt lyssnar, eller om det \u00e4r ungdomsaktiviteter d\u00e4r man sportar etc. Allt kallas f\u00f6r konferenser, av n\u00e5gon anledning.<\/span>.<a href=\"http:\/\/classic.lds.org\/conference\/talk\/display\/0,5232,23-1-266-23,00.html\" target=\"_blank\">\u00c4ldste Holland<\/a>\u00a0talade om ber\u00e4ttelsen om den f\u00f6rlorade sonen. Han p\u00e5pekade att Fr\u00e4lsaren lika g\u00e4rna kunde ha b\u00f6rjat ber\u00e4ttelsen med \u201dEn man hade tv\u00e5 s\u00f6ner, och de var b\u00e5da f\u00f6rlorade, och beh\u00f6vde b\u00e5da komma hem.\u201d \u00c4ldste Holland talade om avund, den universella synden. \u00c4ldste Holland sade ocks\u00e5 \u201dDe flesta &#8217;du skall inte&#8217; buden gavs f\u00f6r att vi inte skulle skada andra, men jag \u00e4r \u00f6vertygad om att budet &#8217;du skall inte ha beg\u00e4r till din n\u00e4stas&#8230;&#8217; gavs f\u00f6r att vi inte skulle skada oss sj\u00e4lva.\u201d Vi h\u00f6rde \u00e4ven ett tal om kraften i b\u00f6n.<\/p>\n<p>Det \u00e4r fastes\u00f6ndag, och jag fastar f\u00f6r att vi skall f\u00e5 framg\u00e5ng i Kajaani. Jag vet inte vad \u00c4ldste Smith fastar f\u00f6r, vi fastar aldrig gemensamt av n\u00e5gon anledning. N\u00e4r kv\u00e4llen kom h\u00e4nde dock n\u00e5gonting. Det var som att \u00c4ldste Smith blev en annorlunda person, han var pl\u00f6tsligt mycket mer engagerad vid d\u00f6rrarna, verkade tycka att det var sp\u00e4nnande och varierade verkligen sina fraser. Inom loppet av 20 minuter hade vi delat ut tv\u00e5 Mormons bok, och hade d\u00e4rmed tv\u00e5 m\u00f6jliga unders\u00f6kare n\u00e4r vi \u00e5terv\u00e4nder n\u00e4sta vecka f\u00f6r att svara p\u00e5 fr\u00e5gor.<\/p>\n<p>\u201d-Vet du, vanligtvis l\u00e4ngtar jag bara hem, l\u00e4ngtar tills dagen skall ta slut, men idag k\u00e4nns det annorlunda.\u201d<\/p>\n<p>\u201d-Ja, jag kan se en tydlig skillnad.\u201d<\/p>\n<p>\u201d-Jas\u00e5, hurd\u00e5?\u201d<\/p>\n<p>\u201d-Du verkar mera fokuserad p\u00e5 att undervisa och ge ut boken.\u201d &#8230;och inte s\u00e5 fokuserad p\u00e5 att tycka synd om dig sj\u00e4lv, t\u00e4nkte jag f\u00f6r mig sj\u00e4lv.<\/p>\n<p>Under eftermiddagen l\u00e4rde han sig lite mera svensk grammatik. Ikv\u00e4ll n\u00e4r han satt och skrev i sin dagbok sade han pl\u00f6tsligt<\/p>\n<p>\u201d-Helt otroligt, jag kan knappt skriva mitt eget spr\u00e5k l\u00e4ngre.\u201d<\/p>\n<p>\u201d-Hmm&#8230; och d\u00e5 har du \u00e4nd\u00e5 bara tv\u00e5 att h\u00e5lla reda p\u00e5, undrar hur f\u00f6rvirrad jag kommer vara i slutet av min mission.\u201d<\/p>\n<div id=\"sdfootnote1\"><\/div>\n","protected":false},"excerpt":{"rendered":"<p>En ny dag med nya tag. Vi knackade d\u00f6rr hela f\u00f6rmiddagen och en bit in p\u00e5 eftermiddagen. Ingen framg\u00e5ng. Hemma p\u00e5 lunchen lyssnade vi till tv\u00e5 tal fr\u00e5n generalkonferensen i april f\u00f6rra \u00e5ret.\u00c4ldste Holland\u00a0talade om ber\u00e4ttelsen om den f\u00f6rlorade sonen. &hellip; <a href=\"https:\/\/mormonmission.se\/?p=406\">Forts\u00e4tt l\u00e4sa <span class=\"meta-nav\">&rarr;<\/span><\/a><\/p>\n","protected":false},"author":1,"featured_media":0,"comment_status":"open","ping_status":"open","sticky":false,"template":"","format":"standard","meta":{"footnotes":""},"categories":[5],"tags":[],"class_list":["post-406","post","type-post","status-publish","format-standard","hentry","category-kajaani"],"_links":{"self":[{"href":"https:\/\/mormonmission.se\/index.php?rest_route=\/wp\/v2\/posts\/406","targetHints":{"allow":["GET"]}}],"collection":[{"href":"https:\/\/mormonmission.se\/index.php?rest_route=\/wp\/v2\/posts"}],"about":[{"href":"https:\/\/mormonmission.se\/index.php?rest_route=\/wp\/v2\/types\/post"}],"author":[{"embeddable":true,"href":"https:\/\/mormonmission.se\/index.php?rest_route=\/wp\/v2\/users\/1"}],"replies":[{"embeddable":true,"href":"https:\/\/mormonmission.se\/index.php?rest_route=%2Fwp%2Fv2%2Fcomments&post=406"}],"version-history":[{"count":1,"href":"https:\/\/mormonmission.se\/index.php?rest_route=\/wp\/v2\/posts\/406\/revisions"}],"predecessor-version":[{"id":407,"href":"https:\/\/mormonmission.se\/index.php?rest_route=\/wp\/v2\/posts\/406\/revisions\/407"}],"wp:attachment":[{"href":"https:\/\/mormonmission.se\/index.php?rest_route=%2Fwp%2Fv2%2Fmedia&parent=406"}],"wp:term":[{"taxonomy":"category","embeddable":true,"href":"https:\/\/mormonmission.se\/index.php?rest_route=%2Fwp%2Fv2%2Fcategories&post=406"},{"taxonomy":"post_tag","embeddable":true,"href":"https:\/\/mormonmission.se\/index.php?rest_route=%2Fwp%2Fv2%2Ftags&post=406"}],"curies":[{"name":"wp","href":"https:\/\/api.w.org\/{rel}","templated":true}]}}