{"id":601,"date":"2003-03-02T22:10:02","date_gmt":"2012-03-02T22:10:02","guid":{"rendered":"http:\/\/www.mormonmission.se\/?p=601"},"modified":"2012-01-19T19:37:27","modified_gmt":"2012-01-19T19:37:27","slug":"601","status":"publish","type":"post","link":"https:\/\/mormonmission.se\/?p=601","title":{"rendered":"Reflektioner"},"content":{"rendered":"<p>P\u00e5 morgonen var vi i kyrkan och ordnade lite saker inf\u00f6r Jockes dop. Vi hade planerat att Kari skulle d\u00f6pa honom, det \u00e4r ju han som \u00e4r med oss p\u00e5 undervisningarna. Jocke hade dock en inv\u00e4ndning och ville att n\u00e5gon av oss tv\u00e5 skulle g\u00f6ra det. Han slinglade slant och det f\u00f6ll p\u00e5 mig. Det skall bli kul.<\/p>\n<p>N\u00e4r vi satt d\u00e4r i kyrkan funderade jag \u00f6ver n\u00e5got som st\u00e5r i L&amp;F 130, att det vi till\u00e4gnar oss i detta liv genom flit och lydnad, kommer att f\u00f6lja med oss i uppst\u00e5ndelsen. Jag undrar om samma princip g\u00e4ller bak\u00e5t, att de talanger och f\u00f6rm\u00e5gor vi f\u00f6ds med, har vi pga. v\u00e5r flit och intresse i v\u00e5r andliga tillvaro innan vi f\u00f6ddes till jorden med en kropp&#8230;<\/p>\n<p>Jag funderade lite \u00f6ver tankens makt ocks\u00e5, n\u00e5gon har visst sagt att &#8221;som en m\u00e4nniska t\u00e4nker, s\u00e5dan \u00e4r hon&#8221;. Jag reflekterade \u00f6ver att d\u00e5 jag och \u00c4ldste Smith fokuserar p\u00e5 ett gemensamt m\u00e5l, d\u00e5 vi \u00e4r i kyrkan och undervisar, eller d\u00e5 vi bes\u00f6ker n\u00e5gon med ett budskap, d\u00e5 har vi fullkomlig enighet. Det var samma med mig och Bill hemma, d\u00e5 vi gick ut p\u00e5 heml\u00e4rarbes\u00f6k s\u00e5 var vi eniga och k\u00e4nde andens v\u00e4gledning, men i vardagslivetvar vi ganska mycket osams. S\u00e5 \u00e4r det med mig och \u00c4ldste Smith ocks\u00e5, allehanda meningsskiljaktigheter&#8230; blir vi f\u00f6r fokuserade p\u00e5 oss sj\u00e4lva n\u00e4r vi inte har n\u00e5gon viktig uppgift framf\u00f6r oss, eller n\u00e4r vi inte har n\u00e5gon annans problem att engagera oss i? \u00c4r det det som \u00e4r nyckeln &#8211; att t\u00e4nka p\u00e5 andra ist\u00e4llet f\u00f6r sig sj\u00e4lv&#8230;<\/p>\n<p>Tv\u00e5 m\u00e4nniskor jag tr\u00e4ffade idag fick mig att t\u00e4nka p\u00e5 ett annat citat jag h\u00f6rt hemma, att &#8221;Det som b\u00e4st indikerar en persons omv\u00e4ndelse till Jesus Kristus \u00e4r hur de behandlar sin familj, v\u00e4nner, medarbetare och andra&#8221;.<\/p>\n<p>Efter kyrkan skriftade vi, som vanligt. Under eftermiddagen reflekterade jag (ja, mycket reflekterande idag&#8230;) \u00f6ver den moderna v\u00e4rld vi lever i, och hur annorlunda det \u00e4r att leva idag mot tidigare tids\u00e5ldrar i v\u00e4rldens historia. Vi anv\u00e4nder knappt v\u00e5r kropp utan utf\u00f6r stillasittande arbete, och f\u00f6r att bygga upp kroppen beh\u00f6ver vi g\u00e5 p\u00e5 gym och lyfta metallklossar, ta tid ur v\u00e5rt packade schema&#8230; milj\u00f6n vi lever i med alla dessa maskiner, kan inte vara naturlig f\u00f6r v\u00e5r skapelse, \u00e4ven om den m\u00e5nga g\u00e5nger upplevs som bekv\u00e4m, men hur m\u00e5nga olika sm\u00e4rtf\u00f6rknippade sjukdomar kommer inte pga. dessa &#8221;bekv\u00e4mliga&#8221; f\u00f6rh\u00e5llanden? \u00a0T\u00e4nk att m\u00e4nniskan de senaste vad &#8211; 100 \u00e5ren? har lyckats t\u00e4mja till och med ljus och m\u00f6rker s\u00e5 att det knappt spelar n\u00e5gon roll n\u00e4r p\u00e5 dygnet man \u00e4r vaken och verkar. Det m\u00e5ste ha varit s\u00e5 mycket l\u00e4ttare p\u00e5 m\u00e5nga s\u00e4tt att leva f\u00f6rr, s\u00e5 mycket mindre att t\u00e4nka p\u00e5 och ta h\u00e4nsyn till.<\/p>\n<p>Varf\u00f6r \u00e4r v\u00e5r tid s\u00e5 annorlunda? D\u00e4rf\u00f6r att jag tror att den m\u00e5ste vara det. Den sista tiden, d\u00e5 spillror av Israels hus skall samlas fr\u00e5n hela jorden, s\u00e5 att ett folk \u00e4r berett att m\u00f6ta brudgummen vid hans ankomst&#8230;<\/p>\n","protected":false},"excerpt":{"rendered":"<p>P\u00e5 morgonen var vi i kyrkan och ordnade lite saker inf\u00f6r Jockes dop. Vi hade planerat att Kari skulle d\u00f6pa honom, det \u00e4r ju han som \u00e4r med oss p\u00e5 undervisningarna. Jocke hade dock en inv\u00e4ndning och ville att n\u00e5gon &hellip; <a href=\"https:\/\/mormonmission.se\/?p=601\">Forts\u00e4tt l\u00e4sa <span class=\"meta-nav\">&rarr;<\/span><\/a><\/p>\n","protected":false},"author":1,"featured_media":0,"comment_status":"closed","ping_status":"open","sticky":false,"template":"","format":"standard","meta":{"footnotes":""},"categories":[5],"tags":[20],"class_list":["post-601","post","type-post","status-publish","format-standard","hentry","category-kajaani","tag-andlig-tanke"],"_links":{"self":[{"href":"https:\/\/mormonmission.se\/index.php?rest_route=\/wp\/v2\/posts\/601","targetHints":{"allow":["GET"]}}],"collection":[{"href":"https:\/\/mormonmission.se\/index.php?rest_route=\/wp\/v2\/posts"}],"about":[{"href":"https:\/\/mormonmission.se\/index.php?rest_route=\/wp\/v2\/types\/post"}],"author":[{"embeddable":true,"href":"https:\/\/mormonmission.se\/index.php?rest_route=\/wp\/v2\/users\/1"}],"replies":[{"embeddable":true,"href":"https:\/\/mormonmission.se\/index.php?rest_route=%2Fwp%2Fv2%2Fcomments&post=601"}],"version-history":[{"count":2,"href":"https:\/\/mormonmission.se\/index.php?rest_route=\/wp\/v2\/posts\/601\/revisions"}],"predecessor-version":[{"id":603,"href":"https:\/\/mormonmission.se\/index.php?rest_route=\/wp\/v2\/posts\/601\/revisions\/603"}],"wp:attachment":[{"href":"https:\/\/mormonmission.se\/index.php?rest_route=%2Fwp%2Fv2%2Fmedia&parent=601"}],"wp:term":[{"taxonomy":"category","embeddable":true,"href":"https:\/\/mormonmission.se\/index.php?rest_route=%2Fwp%2Fv2%2Fcategories&post=601"},{"taxonomy":"post_tag","embeddable":true,"href":"https:\/\/mormonmission.se\/index.php?rest_route=%2Fwp%2Fv2%2Ftags&post=601"}],"curies":[{"name":"wp","href":"https:\/\/api.w.org\/{rel}","templated":true}]}}